{"id":10868,"date":"2023-05-12T10:27:13","date_gmt":"2023-05-12T13:27:13","guid":{"rendered":"https:\/\/springschool.me\/?p=10868"},"modified":"2023-05-12T10:28:10","modified_gmt":"2023-05-12T13:28:10","slug":"inauguracao-spring-suzuka","status":"publish","type":"post","link":"https:\/\/springschool.me\/ja\/inauguracao-spring-suzuka\/","title":{"rendered":"\u6625\u958b\u5e55\u9234\u9e7f"},"content":{"rendered":"<p>2023 \u5e74 3 \u6708 5 \u65e5\u306f\u3001\u6625\u306e\u5bb6\u65cf\u5168\u54e1\u306b\u3068\u3063\u3066\u975e\u5e38\u306b\u7279\u5225\u306a\u65e5\u306b\u306a\u308a\u307e\u3057\u305f\u3002\u5f85\u671b\u306eSPRING SUZUKA\u304c\u8a95\u751f\u3057\u307e\u3057\u305f\u3002 Spring\u306f\u3059\u3067\u306b\u65e5\u672c\u6700\u5927\u306e\u30e9\u30c6\u30f3\u7cfb\u8a9e\u5b66\u5b66\u6821\u3067\u3042\u308a\u3001\u73fe\u5728\u30d6\u30e9\u30b8\u30eb\u3068\u65e5\u672c\u306e\u9593\u306b8\u3064\u306e\u30e6\u30cb\u30c3\u30c8\u3092\u64c1\u3057\u3066\u304a\u308a\u3001\u3053\u306e\u5ea69\u756a\u76ee\u306e\u30e6\u30cb\u30c3\u30c8\u3068\u306a\u308bSPRING SUZUKA\u3092\u30aa\u30fc\u30d7\u30f3\u3057\u307e\u3057\u305f\u3002\u9b45\u529b\u3042\u3075\u308c\u308b\u771f\u65b0\u3057\u3044\u7a7a\u9593\u3067\u3001\u7d042\u5e74\u3076\u308a\u306b\u9234\u9e7f\u30e6\u30cb\u30c3\u30c8\u3067\u5bfe\u9762\u6388\u696d\u30922023\u5e74\u306b\u518d\u958b\u3057\u307e\u3059\uff01\u5c31\u4efb\u5f0f\u306b\u306f\u3001\u5c31\u4efb\u5f0f\u30d1\u30fc\u30c6\u30a3\u30fc\u306e\u305f\u3081\u3060\u3051\u306b\u611b\u77e5\u770c\u304b\u3089\u4e09\u91cd\u770c\u307e\u3067\u9060\u5f81\u3057\u305f\u30c1\u30fc\u30e0\u306e\u5927\u90e8\u5206\u304c\u51fa\u5e2d\u3057\u305f\u3002\u307e\u305f\u3001MekJapa Jr\u30d5\u30fc\u30c9\u30c8\u30e9\u30c3\u30af\u306f\u5348\u5f8c10\u6642\u307e\u3067\u305d\u3053\u306b\u3042\u308a\u3001\u30db\u30c3\u30c8\u30c9\u30c3\u30b0\u3092\u63d0\u4f9b\u3057\u3001\u30aa\u30fc\u30d7\u30cb\u30f3\u30b0\u30d1\u30fc\u30c6\u30a3\u30fc\u306b\u53c2\u52a0\u3057\u3001\u5ff5\u9858\u306e\u6c96\u7e04\u65c5\u884c\u3092\u7af6\u3044\u306b\u884c\u3063\u305f\u4eba\u3005\u306b\u30b5\u30fc\u30d3\u30b9\u3092\u63d0\u4f9b\u3057\u307e\u3057\u305f\u3002\u6625\u306e\u9234\u9e7f\u306f\u56fd\u905323\u53f7\u7dda\u6cbf\u3044\u306e\u30d6\u30e9\u30b8\u30eb\u30fb\u30a4\u30d9\u30f3\u30c8\u30b9\u30d3\u30eb\u5185\u306b\u3042\u308a\u3001\u4eca\u9031\u306e\u65e5\u66dc\u65e5\u30015\u67087\u65e5\u306b\u306f\u3059\u3067\u306b\u6388\u696d\u304c\u59cb\u307e\u3063\u3066\u3044\u307e\u3059\u3002\u3053\u306e\u5730\u57df\u306b\u304a\u4f4f\u307e\u3044\u306e\u65b9\u306f\u3001\u8a2a\u554f\u3092\u4e88\u7d04\u3057\u3066\u3001\u3053\u306e\u30e6\u30cb\u30c3\u30c8\u3068\u3001\u65b0\u3057\u3044\u8a00\u8a9e\u3092\u5b66\u3073\u3001\u5922\u3092\u5b9f\u73fe\u3059\u308b\u306e\u306b\u5f79\u7acb\u3064\u78ba\u5b9f\u306a Spring \u306e\u65b9\u6cd5\u8ad6\u306b\u3064\u3044\u3066\u77e5\u308a\u307e\u3057\u3087\u3046\u3002\u3042\u306a\u305f\u306e\u4eba\u751f\u3092\u6625\u306b\u3057\u307e\u3057\u3087\u3046\uff01\u6295\u7a3f\u8005: \u30bf\u30c1 \u30a6\u30a8\u30c0<\/p>\n<p>&nbsp;<\/p>","protected":false},"excerpt":{"rendered":"<p>2023\u5e745\u67083\u65e5\u306f\u3001Spring\u30d5\u30a1\u30df\u30ea\u30fc\u306b\u3068\u3063\u3066\u7279\u5225\u306a\u65e5\u3067\u3057\u305f\uff01 \u5f85\u3061\u306b\u5f85\u3063\u305fSPRING SUZUKA\u304c\u958b\u901a\u3057\u307e\u3057\u305f\u3002\u3059\u3067\u306bSpring\u30d5\u30a1\u30df\u30ea\u30fc\u6700\u5927\u306e[\u2026]<\/p>","protected":false},"author":1,"featured_media":10860,"comment_status":"closed","ping_status":"closed","sticky":false,"template":"","format":"standard","meta":{"footnotes":""},"categories":[1],"tags":[86,80,87],"class_list":["post-10868","post","type-post","status-publish","format-standard","has-post-thumbnail","hentry","category-japones","tag-nova-unidade","tag-spring-your-life","tag-suzuka"],"yoast_head":"<!-- This site is optimized with the Yoast SEO plugin v24.0 - https:\/\/yoast.com\/wordpress\/plugins\/seo\/ -->\n<title>Inaugura\u00e7\u00e3o Spring Suzuka<\/title>\n<meta name=\"description\" content=\"Saiba um pouco mais como foi a inaugura\u00e7\u00e3o da 9\u00ba unidade da Spring School, a Spring Suzuka. Spring your life!\" \/>\n<meta name=\"robots\" content=\"index, follow, max-snippet:-1, max-image-preview:large, max-video-preview:-1\" \/>\n<link rel=\"canonical\" href=\"https:\/\/springschool.me\/ja\/inauguracao-spring-suzuka\/\" \/>\n<meta property=\"og:locale\" content=\"ja_JP\" \/>\n<meta property=\"og:type\" content=\"article\" \/>\n<meta property=\"og:title\" content=\"Inaugura\u00e7\u00e3o Spring Suzuka\" \/>\n<meta property=\"og:description\" content=\"Saiba um pouco mais como foi a inaugura\u00e7\u00e3o da 9\u00ba unidade da Spring School, a Spring Suzuka. Spring your life!\" \/>\n<meta property=\"og:url\" content=\"https:\/\/springschool.me\/ja\/inauguracao-spring-suzuka\/\" \/>\n<meta property=\"og:site_name\" content=\"Spring School\" \/>\n<meta property=\"article:published_time\" content=\"2023-05-12T13:27:13+00:00\" \/>\n<meta property=\"article:modified_time\" content=\"2023-05-12T13:28:10+00:00\" \/>\n<meta property=\"og:image\" content=\"https:\/\/springschool.me\/wp-content\/uploads\/2020\/12\/springschool-blog-suzuka.jpg\" \/>\n\t<meta property=\"og:image:width\" content=\"1100\" \/>\n\t<meta property=\"og:image:height\" content=\"755\" \/>\n\t<meta property=\"og:image:type\" content=\"image\/jpeg\" \/>\n<meta name=\"author\" content=\"webdesigner\" \/>\n<meta name=\"twitter:card\" content=\"summary_large_image\" \/>\n<meta name=\"twitter:label1\" content=\"\u57f7\u7b46\u8005\" \/>\n\t<meta name=\"twitter:data1\" content=\"webdesigner\" \/>\n\t<meta name=\"twitter:label2\" content=\"\u63a8\u5b9a\u8aad\u307f\u53d6\u308a\u6642\u9593\" \/>\n\t<meta name=\"twitter:data2\" content=\"2\u5206\" \/>\n<script type=\"application\/ld+json\" class=\"yoast-schema-graph\">{\"@context\":\"https:\/\/schema.org\",\"@graph\":[{\"@type\":\"WebPage\",\"@id\":\"https:\/\/springschool.me\/inauguracao-spring-suzuka\/\",\"url\":\"https:\/\/springschool.me\/inauguracao-spring-suzuka\/\",\"name\":\"Inaugura\u00e7\u00e3o Spring Suzuka\",\"isPartOf\":{\"@id\":\"https:\/\/springschool.me\/#website\"},\"primaryImageOfPage\":{\"@id\":\"https:\/\/springschool.me\/inauguracao-spring-suzuka\/#primaryimage\"},\"image\":{\"@id\":\"https:\/\/springschool.me\/inauguracao-spring-suzuka\/#primaryimage\"},\"thumbnailUrl\":\"https:\/\/springschool.me\/wp-content\/uploads\/2020\/12\/springschool-blog-suzuka.jpg\",\"datePublished\":\"2023-05-12T13:27:13+00:00\",\"dateModified\":\"2023-05-12T13:28:10+00:00\",\"author\":{\"@id\":\"https:\/\/springschool.me\/#\/schema\/person\/4c7acd2ff23e11eda84c3d6e02464a67\"},\"description\":\"Saiba um pouco mais como foi a inaugura\u00e7\u00e3o da 9\u00ba unidade da Spring School, a Spring Suzuka. Spring your life!\",\"breadcrumb\":{\"@id\":\"https:\/\/springschool.me\/inauguracao-spring-suzuka\/#breadcrumb\"},\"inLanguage\":\"ja\",\"potentialAction\":[{\"@type\":\"ReadAction\",\"target\":[\"https:\/\/springschool.me\/inauguracao-spring-suzuka\/\"]}]},{\"@type\":\"ImageObject\",\"inLanguage\":\"ja\",\"@id\":\"https:\/\/springschool.me\/inauguracao-spring-suzuka\/#primaryimage\",\"url\":\"https:\/\/springschool.me\/wp-content\/uploads\/2020\/12\/springschool-blog-suzuka.jpg\",\"contentUrl\":\"https:\/\/springschool.me\/wp-content\/uploads\/2020\/12\/springschool-blog-suzuka.jpg\",\"width\":1100,\"height\":755},{\"@type\":\"BreadcrumbList\",\"@id\":\"https:\/\/springschool.me\/inauguracao-spring-suzuka\/#breadcrumb\",\"itemListElement\":[{\"@type\":\"ListItem\",\"position\":1,\"name\":\"In\u00edcio\",\"item\":\"https:\/\/springschool.me\/\"},{\"@type\":\"ListItem\",\"position\":2,\"name\":\"Inaugura\u00e7\u00e3o Spring Suzuka\"}]},{\"@type\":\"WebSite\",\"@id\":\"https:\/\/springschool.me\/#website\",\"url\":\"https:\/\/springschool.me\/\",\"name\":\"Spring School\",\"description\":\"Escola de Idiomas. Cursos para crian\u00e7as, adolescentes e adutos\",\"potentialAction\":[{\"@type\":\"SearchAction\",\"target\":{\"@type\":\"EntryPoint\",\"urlTemplate\":\"https:\/\/springschool.me\/?s={search_term_string}\"},\"query-input\":{\"@type\":\"PropertyValueSpecification\",\"valueRequired\":true,\"valueName\":\"search_term_string\"}}],\"inLanguage\":\"ja\"},{\"@type\":\"Person\",\"@id\":\"https:\/\/springschool.me\/#\/schema\/person\/4c7acd2ff23e11eda84c3d6e02464a67\",\"name\":\"webdesigner\",\"sameAs\":[\"https:\/\/springschool.me\"],\"url\":\"https:\/\/springschool.me\/ja\/author\/webdesigner\/\"}]}<\/script>\n<!-- \/ Yoast SEO plugin. -->","yoast_head_json":{"title":"Inaugura\u00e7\u00e3o Spring Suzuka","description":"Saiba um pouco mais como foi a inaugura\u00e7\u00e3o da 9\u00ba unidade da Spring School, a Spring Suzuka. Spring your life!","robots":{"index":"index","follow":"follow","max-snippet":"max-snippet:-1","max-image-preview":"max-image-preview:large","max-video-preview":"max-video-preview:-1"},"canonical":"https:\/\/springschool.me\/ja\/inauguracao-spring-suzuka\/","og_locale":"ja_JP","og_type":"article","og_title":"Inaugura\u00e7\u00e3o Spring Suzuka","og_description":"Saiba um pouco mais como foi a inaugura\u00e7\u00e3o da 9\u00ba unidade da Spring School, a Spring Suzuka. Spring your life!","og_url":"https:\/\/springschool.me\/ja\/inauguracao-spring-suzuka\/","og_site_name":"Spring School","article_published_time":"2023-05-12T13:27:13+00:00","article_modified_time":"2023-05-12T13:28:10+00:00","og_image":[{"width":1100,"height":755,"url":"https:\/\/springschool.me\/wp-content\/uploads\/2020\/12\/springschool-blog-suzuka.jpg","type":"image\/jpeg"}],"author":"webdesigner","twitter_card":"summary_large_image","twitter_misc":{"\u57f7\u7b46\u8005":"webdesigner","\u63a8\u5b9a\u8aad\u307f\u53d6\u308a\u6642\u9593":"2\u5206"},"schema":{"@context":"https:\/\/schema.org","@graph":[{"@type":"WebPage","@id":"https:\/\/springschool.me\/inauguracao-spring-suzuka\/","url":"https:\/\/springschool.me\/inauguracao-spring-suzuka\/","name":"Inaugura\u00e7\u00e3o Spring Suzuka","isPartOf":{"@id":"https:\/\/springschool.me\/#website"},"primaryImageOfPage":{"@id":"https:\/\/springschool.me\/inauguracao-spring-suzuka\/#primaryimage"},"image":{"@id":"https:\/\/springschool.me\/inauguracao-spring-suzuka\/#primaryimage"},"thumbnailUrl":"https:\/\/springschool.me\/wp-content\/uploads\/2020\/12\/springschool-blog-suzuka.jpg","datePublished":"2023-05-12T13:27:13+00:00","dateModified":"2023-05-12T13:28:10+00:00","author":{"@id":"https:\/\/springschool.me\/#\/schema\/person\/4c7acd2ff23e11eda84c3d6e02464a67"},"description":"Saiba um pouco mais como foi a inaugura\u00e7\u00e3o da 9\u00ba unidade da Spring School, a Spring Suzuka. Spring your life!","breadcrumb":{"@id":"https:\/\/springschool.me\/inauguracao-spring-suzuka\/#breadcrumb"},"inLanguage":"ja","potentialAction":[{"@type":"ReadAction","target":["https:\/\/springschool.me\/inauguracao-spring-suzuka\/"]}]},{"@type":"ImageObject","inLanguage":"ja","@id":"https:\/\/springschool.me\/inauguracao-spring-suzuka\/#primaryimage","url":"https:\/\/springschool.me\/wp-content\/uploads\/2020\/12\/springschool-blog-suzuka.jpg","contentUrl":"https:\/\/springschool.me\/wp-content\/uploads\/2020\/12\/springschool-blog-suzuka.jpg","width":1100,"height":755},{"@type":"BreadcrumbList","@id":"https:\/\/springschool.me\/inauguracao-spring-suzuka\/#breadcrumb","itemListElement":[{"@type":"ListItem","position":1,"name":"In\u00edcio","item":"https:\/\/springschool.me\/"},{"@type":"ListItem","position":2,"name":"Inaugura\u00e7\u00e3o Spring Suzuka"}]},{"@type":"WebSite","@id":"https:\/\/springschool.me\/#website","url":"https:\/\/springschool.me\/","name":"Spring School","description":"Escola de Idiomas. Cursos para crian\u00e7as, adolescentes e adutos","potentialAction":[{"@type":"SearchAction","target":{"@type":"EntryPoint","urlTemplate":"https:\/\/springschool.me\/?s={search_term_string}"},"query-input":{"@type":"PropertyValueSpecification","valueRequired":true,"valueName":"search_term_string"}}],"inLanguage":"ja"},{"@type":"Person","@id":"https:\/\/springschool.me\/#\/schema\/person\/4c7acd2ff23e11eda84c3d6e02464a67","name":"webdesigner","sameAs":["https:\/\/springschool.me"],"url":"https:\/\/springschool.me\/ja\/author\/webdesigner\/"}]}},"_links":{"self":[{"href":"https:\/\/springschool.me\/ja\/wp-json\/wp\/v2\/posts\/10868","targetHints":{"allow":["GET"]}}],"collection":[{"href":"https:\/\/springschool.me\/ja\/wp-json\/wp\/v2\/posts"}],"about":[{"href":"https:\/\/springschool.me\/ja\/wp-json\/wp\/v2\/types\/post"}],"author":[{"embeddable":true,"href":"https:\/\/springschool.me\/ja\/wp-json\/wp\/v2\/users\/1"}],"replies":[{"embeddable":true,"href":"https:\/\/springschool.me\/ja\/wp-json\/wp\/v2\/comments?post=10868"}],"version-history":[{"count":1,"href":"https:\/\/springschool.me\/ja\/wp-json\/wp\/v2\/posts\/10868\/revisions"}],"predecessor-version":[{"id":10869,"href":"https:\/\/springschool.me\/ja\/wp-json\/wp\/v2\/posts\/10868\/revisions\/10869"}],"wp:featuredmedia":[{"embeddable":true,"href":"https:\/\/springschool.me\/ja\/wp-json\/wp\/v2\/media\/10860"}],"wp:attachment":[{"href":"https:\/\/springschool.me\/ja\/wp-json\/wp\/v2\/media?parent=10868"}],"wp:term":[{"taxonomy":"category","embeddable":true,"href":"https:\/\/springschool.me\/ja\/wp-json\/wp\/v2\/categories?post=10868"},{"taxonomy":"post_tag","embeddable":true,"href":"https:\/\/springschool.me\/ja\/wp-json\/wp\/v2\/tags?post=10868"}],"curies":[{"name":"wp","href":"https:\/\/api.w.org\/{rel}","templated":true}]}}